{"id":9782,"date":"2026-08-26T06:12:25","date_gmt":"2026-08-26T05:12:25","guid":{"rendered":"https:\/\/osbtoni.hr\/wp\/?p=9782"},"modified":"2026-08-27T06:16:39","modified_gmt":"2026-08-27T05:16:39","slug":"poziv-na-razgovor-ucitelj-razredne-nastave","status":"publish","type":"post","link":"https:\/\/osbtoni.hr\/wp\/oglasna-ploca\/natjecaji\/9782\/","title":{"rendered":"Poziv na razgovor \/ u\u010ditelj razredne nastave"},"content":{"rendered":"\n<p class=\"wp-block-paragraph\">Kandidati koji su se javili na natje\u010daj za popunu radnog mjesta u\u010ditelja u produ\u017eenom boravku, pozivaju se na razgovor <strong>u ponedjeljak, 31.8.2026.<\/strong> u terminima:<\/p>\n\n\n\n<p class=\"wp-block-paragraph\">u 8:00 h &#8211; kandidati s po\u010detnim slovom prezimena od <strong>A- D<\/strong><\/p>\n\n\n\n<p class=\"wp-block-paragraph\">u 9:00 h &#8211;\u00a0 kandidati s po\u010detnim slovom prezimena \u00a0<strong>\u00a0K<\/strong><\/p>\n\n\n\n<p class=\"wp-block-paragraph\">U 10:00 h &#8211; kandidati s po\u010detnim slovom prezimena od \u00a0<strong>M -P<\/strong><\/p>\n\n\n\n<p class=\"wp-block-paragraph\">u 11:00 h &#8211; kandidati s po\u010detnim slovom prezimena od\u00a0 \u00a0<strong>\u0160 &#8211; V<\/strong><\/p>\n\n\n\n<p class=\"wp-block-paragraph\"><\/p>\n","protected":false},"excerpt":{"rendered":"<p>Kandidati koji su se javili na natje\u010daj za popunu radnog mjesta u\u010ditelja u produ\u017eenom boravku, pozivaju se na razgovor u ponedjeljak, 31.8.2026. u terminima: u 8:00 h &#8211; kandidati s po\u010detnim slovom prezimena od A- D u 9:00 h &#8211;\u00a0 kandidati s po\u010detnim slovom prezimena \u00a0\u00a0K U 10:00 h &#8211; kandidati s po\u010detnim slovom prezimena&#8230;<\/p>\n","protected":false},"author":4,"featured_media":0,"comment_status":"closed","ping_status":"closed","sticky":false,"template":"","format":"standard","meta":{"_kadence_starter_templates_imported_post":false,"_kad_post_transparent":"","_kad_post_title":"","_kad_post_layout":"","_kad_post_sidebar_id":"","_kad_post_content_style":"","_kad_post_vertical_padding":"","_kad_post_feature":"","_kad_post_feature_position":"","_kad_post_header":false,"_kad_post_footer":false,"footnotes":""},"categories":[47],"tags":[],"class_list":["post-9782","post","type-post","status-publish","format-standard","hentry","category-natjecaji"],"rttpg_featured_image_url":null,"rttpg_author":{"display_name":"Dijana Smontara","author_link":"https:\/\/osbtoni.hr\/wp\/author\/dijana-vizir\/"},"rttpg_comment":0,"rttpg_category":"<a href=\"https:\/\/osbtoni.hr\/wp\/category\/oglasna-ploca\/natjecaji\/\" rel=\"category tag\">Natje\u010daji<\/a>","rttpg_excerpt":"Kandidati koji su se javili na natje\u010daj za popunu radnog mjesta u\u010ditelja u produ\u017eenom boravku, pozivaju se na razgovor u ponedjeljak, 31.8.2026. u terminima: u 8:00 h &#8211; kandidati s po\u010detnim slovom prezimena od A- D u 9:00 h &#8211;\u00a0 kandidati s po\u010detnim slovom prezimena \u00a0\u00a0K U 10:00 h &#8211; kandidati s po\u010detnim slovom prezimena...","_links":{"self":[{"href":"https:\/\/osbtoni.hr\/wp\/wp-json\/wp\/v2\/posts\/9782","targetHints":{"allow":["GET"]}}],"collection":[{"href":"https:\/\/osbtoni.hr\/wp\/wp-json\/wp\/v2\/posts"}],"about":[{"href":"https:\/\/osbtoni.hr\/wp\/wp-json\/wp\/v2\/types\/post"}],"author":[{"embeddable":true,"href":"https:\/\/osbtoni.hr\/wp\/wp-json\/wp\/v2\/users\/4"}],"replies":[{"embeddable":true,"href":"https:\/\/osbtoni.hr\/wp\/wp-json\/wp\/v2\/comments?post=9782"}],"version-history":[{"count":2,"href":"https:\/\/osbtoni.hr\/wp\/wp-json\/wp\/v2\/posts\/9782\/revisions"}],"predecessor-version":[{"id":9784,"href":"https:\/\/osbtoni.hr\/wp\/wp-json\/wp\/v2\/posts\/9782\/revisions\/9784"}],"wp:attachment":[{"href":"https:\/\/osbtoni.hr\/wp\/wp-json\/wp\/v2\/media?parent=9782"}],"wp:term":[{"taxonomy":"category","embeddable":true,"href":"https:\/\/osbtoni.hr\/wp\/wp-json\/wp\/v2\/categories?post=9782"},{"taxonomy":"post_tag","embeddable":true,"href":"https:\/\/osbtoni.hr\/wp\/wp-json\/wp\/v2\/tags?post=9782"}],"curies":[{"name":"wp","href":"https:\/\/api.w.org\/{rel}","templated":true}]}}